{"id":1950,"date":"2022-11-22T12:00:00","date_gmt":"2022-11-22T11:00:00","guid":{"rendered":"https:\/\/www.marronglace.com\/2022\/11\/grupo-cuevas-cumpre-155-anos-reforzando-lazos-cos-seus-clientes-e-os-seus-empregados\/"},"modified":"2022-11-22T12:00:00","modified_gmt":"2022-11-22T11:00:00","slug":"grupo-cuevas-cumpre-155-anos-reforzando-lazos-cos-seus-clientes-e-os-seus-empregados","status":"publish","type":"post","link":"https:\/\/www.marronglace.com\/gl\/2022\/11\/grupo-cuevas-cumpre-155-anos-reforzando-lazos-cos-seus-clientes-e-os-seus-empregados\/","title":{"rendered":"GRUPO CUEVAS CUMPRE 155 ANOS REFORZANDO LAZOS COS SEUS CLIENTES E OS SEUS EMPREGADOS"},"content":{"rendered":"<p>Grupo Cuevas alcanza un novo fito na s\u00faa traxectoria como empresa centenaria e sopra as velas dos seus 155 aniversarios. Tal e como fixese un 23 de novembro de 2016 na presentaci\u00f3n do seu 150 aniversario, o grupo de orixe ourens\u00e1 despregou un completo programa de acci\u00f3ns encami\u00f1adas \u00e1 celebraci\u00f3n desta efem\u00e9ride. Cunha clara orientaci\u00f3n cara \u00e1s persoas e o territorio no que est\u00e1 presente a d\u00eda de hoxe e que se estende xa por todo o noroeste espa\u00f1ol, o cent\u00e9simo quincuax\u00e9simo quinto ano do grupo conmem\u00f3rase con iniciativas pr\u00f3ximas \u00e1 Responsabilidade Social Corporativa nas s\u00faas vertentes ambiental e social moi derivadas cara ao medio rural.<br \/>Os incendios que este pasado ver\u00e1n afectaron a todo o noroeste espa\u00f1ol non pasaron desapercibidos para a compa\u00f1\u00eda que enfocou o seu obsequio de 155 aniversario, a empregados do grupo, a tratar de achegar unha reconstruci\u00f3n de todas estas paisaxes e territorios. Como o fixo? Coa entrega de case un milleiro de plantas de casti\u00f1eiro para a reconstruci\u00f3n dos nosos montes que permitan tam\u00e9n crear un futuro ao redor da casta\u00f1a, a alma e selo identificador de Grupo Cuevas.<br \/>\u201cAs 759 persoas que forman parte de Grupo Cuevas na actualidade son o motor que fai posible que sigamos alcanzando novas metas, xerando riqueza e formando parte da vida dos territorios nos que nos desenvolvemos\u201d afirma Artur Yuste. \u201cAxudar ao Medio Ambiente a reconstru\u00edrse nestas zonas de gran afectaci\u00f3n \u00e9 a mellor forma de entender que debemos crear e traballar porque exista un futuro para os nosos bosques e \u00e1 vez para o rural e para a casta\u00f1a. Por iso instamos \u00e1 nosa xente para plantar estes casti\u00f1eiros naquelas zonas que o lume arrasou\u201d.<br \/>Outro dos basti\u00f3ns que Grupo Cuevas ten no seu ADN \u00e9 o traballar para mellorar a vida aos clientes e a aquelas persoas que deciden confiar no seu produto e os seus servizos \u00e1 hora de elixir algo tan importante como o que se consome en cada fogar, cada familia ou cada negocio. Conscientes do contexto econ\u00f3mico que estamos a vivir, a celebraci\u00f3n do 155 aniversario ori\u00e9ntase tam\u00e9n ao \u00e1mbito m\u00e1is social, con actividades de promoci\u00f3n e descontos que se aplicar\u00e1n nos seus supermercados Plenus e Aqui\u00e9, e tam\u00e9n na s\u00faa li\u00f1a de venda Cuevas Cash durante o d\u00eda 23 de novembro. Yuste insiste en que \u201cdese\u00f1amos uns aniversarios para compartir cos clientes de Galicia, Asturias, Cantabria e Castela e Le\u00f3n que nos visitan cada d\u00eda, cunha acci\u00f3n enfocada a que a s\u00faa cesta da compra sexa moi econ\u00f3mica e cun gran desconto. Imp\u00f3rtanos sobre todo o que os nosos clientes pensan de n\u00f3s, e ser capaces de cubrir as s\u00faas necesidades. As nosas tendas vestiranse de forma especial para recibirlles. Queremos que se unan a este d\u00eda de festa e que o vivan connosco\u201d.<br \/>Ademais, e por terceiro ano consecutivo, Grupo Cuevas lanza en poucos d\u00edas a consulta a todo o colectivo de empregados do seu xa consolidado Cup\u00f3n Solidario. Unha iniciativa posta en marcha en abril de 2019 pola cal, son as propias persoas que traballan na compa\u00f1\u00eda as que deciden a quen destinar as doaz\u00f3ns de Grupo Cuevas. O Cup\u00f3n Solidario forma parte do programa de beneficios sociais #soydegrupocuevas, que ten, dentro das s\u00faas actividades, esta acci\u00f3n social coa que a compa\u00f1\u00eda se compromete a doar o equivalente ao 10% do valor de todos v\u00e1lelos trimestrais obtidos coas compras efectuadas polos traballadores na rede de supermercados Aqui\u00e9 e Plenus. Pronto co\u00f1eceremos aos seus beneficiarios que, noutras edici\u00f3ns, cubriron as necesidades de familias en situaci\u00f3ns de vulnerabilidade do \u00e1mbito rural de Galicia as\u00ed como de pacientes oncol\u00f3xicos e nenos e nenas con necesidades de apoio social.<br \/>Finalmente, a empresa presenta ma\u00f1\u00e1 nas s\u00faas redes sociais o v\u00eddeo conmemorativo destes 155 anos no que tratan de dar resposta \u00e1 pregunta Quen somos? Desde un punto de vista emocional, a\u00ednda que cunha clara vinculaci\u00f3n \u00e1s persoas e apelando ao seu froito estrela: a casta\u00f1a. A poetisa Yolanda Casta\u00f1o pon voz a esta reflexi\u00f3n na s\u00faa versi\u00f3n en galego e castel\u00e1n. Poder\u00e1 verse desde ma\u00f1\u00e1 m\u00e9rcores nas redes sociais da compa\u00f1\u00eda: Youtube, Twitter e Linkedin.<br \/><a href='http:\/\/www.grupocuevas.com\/news\/981\/22.11.21_155aniversario' target=\"_blank\" rel=\"noopener\">Ver imaxe<\/a><\/p>\n","protected":false},"excerpt":{"rendered":"<p>Grupo Cuevas alcanza un novo fito na s\u00faa traxectoria como empresa centenaria e sopra as velas dos seus 155 aniversarios. Tal e como fixese un 23 de novembro de 2016 na presentaci\u00f3n do seu 150 aniversario, o grupo de orixe ourens\u00e1 despregou un completo programa de acci\u00f3ns encami\u00f1adas \u00e1 celebraci\u00f3n desta efem\u00e9ride. Cunha clara orientaci\u00f3n&hellip;<\/p>\n","protected":false},"author":1,"featured_media":0,"comment_status":"closed","ping_status":"open","sticky":false,"template":"","format":"standard","meta":{"_acf_changed":false,"footnotes":""},"categories":[36],"tags":[],"class_list":["post-1950","post","type-post","status-publish","format-standard","hentry","category-categoria-gl","category-36","description-off"],"acf":[],"yoast_head":"<!-- This site is optimized with the Yoast SEO plugin v27.5 - https:\/\/yoast.com\/product\/yoast-seo-wordpress\/ -->\n<title>GRUPO CUEVAS CUMPRE 155 ANOS REFORZANDO LAZOS COS SEUS CLIENTES E OS SEUS EMPREGADOS - Marron Glac\u00e9<\/title>\n<meta name=\"robots\" content=\"index, follow, max-snippet:-1, max-image-preview:large, max-video-preview:-1\" \/>\n<link rel=\"canonical\" href=\"https:\/\/www.marronglace.com\/gl\/2022\/11\/grupo-cuevas-cumpre-155-anos-reforzando-lazos-cos-seus-clientes-e-os-seus-empregados\/\" \/>\n<meta property=\"og:locale\" content=\"gl_ES\" \/>\n<meta property=\"og:type\" content=\"article\" \/>\n<meta property=\"og:title\" content=\"GRUPO CUEVAS CUMPRE 155 ANOS REFORZANDO LAZOS COS SEUS CLIENTES E OS SEUS EMPREGADOS - Marron Glac\u00e9\" \/>\n<meta property=\"og:description\" content=\"Grupo Cuevas alcanza un novo fito na s\u00faa traxectoria como empresa centenaria e sopra as velas dos seus 155 aniversarios. Tal e como fixese un 23 de novembro de 2016 na presentaci\u00f3n do seu 150 aniversario, o grupo de orixe ourens\u00e1 despregou un completo programa de acci\u00f3ns encami\u00f1adas \u00e1 celebraci\u00f3n desta efem\u00e9ride. Cunha clara orientaci\u00f3n&hellip;\" \/>\n<meta property=\"og:url\" content=\"https:\/\/www.marronglace.com\/gl\/2022\/11\/grupo-cuevas-cumpre-155-anos-reforzando-lazos-cos-seus-clientes-e-os-seus-empregados\/\" \/>\n<meta property=\"og:site_name\" content=\"Marron Glac\u00e9\" \/>\n<meta property=\"article:published_time\" content=\"2022-11-22T11:00:00+00:00\" \/>\n<meta name=\"twitter:card\" content=\"summary_large_image\" \/>\n<meta name=\"twitter:label1\" content=\"Escrito por\" \/>\n\t<meta name=\"twitter:data1\" content=\"\" \/>\n\t<meta name=\"twitter:label2\" content=\"Tempo de lectura\" \/>\n\t<meta name=\"twitter:data2\" content=\"4 minutos\" \/>\n<script type=\"application\/ld+json\" class=\"yoast-schema-graph\">{\"@context\":\"https:\\\/\\\/schema.org\",\"@graph\":[{\"@type\":\"Article\",\"@id\":\"https:\\\/\\\/www.marronglace.com\\\/gl\\\/2022\\\/11\\\/grupo-cuevas-cumpre-155-anos-reforzando-lazos-cos-seus-clientes-e-os-seus-empregados\\\/#article\",\"isPartOf\":{\"@id\":\"https:\\\/\\\/www.marronglace.com\\\/gl\\\/2022\\\/11\\\/grupo-cuevas-cumpre-155-anos-reforzando-lazos-cos-seus-clientes-e-os-seus-empregados\\\/\"},\"author\":{\"name\":\"\",\"@id\":\"\"},\"headline\":\"GRUPO CUEVAS CUMPRE 155 ANOS REFORZANDO LAZOS COS SEUS CLIENTES E OS SEUS EMPREGADOS\",\"datePublished\":\"2022-11-22T11:00:00+00:00\",\"mainEntityOfPage\":{\"@id\":\"https:\\\/\\\/www.marronglace.com\\\/gl\\\/2022\\\/11\\\/grupo-cuevas-cumpre-155-anos-reforzando-lazos-cos-seus-clientes-e-os-seus-empregados\\\/\"},\"wordCount\":752,\"publisher\":{\"@id\":\"https:\\\/\\\/www.marronglace.com\\\/gl\\\/#organization\"},\"articleSection\":[\"Categor\u00eda\"],\"inLanguage\":\"gl-ES\"},{\"@type\":\"WebPage\",\"@id\":\"https:\\\/\\\/www.marronglace.com\\\/gl\\\/2022\\\/11\\\/grupo-cuevas-cumpre-155-anos-reforzando-lazos-cos-seus-clientes-e-os-seus-empregados\\\/\",\"url\":\"https:\\\/\\\/www.marronglace.com\\\/gl\\\/2022\\\/11\\\/grupo-cuevas-cumpre-155-anos-reforzando-lazos-cos-seus-clientes-e-os-seus-empregados\\\/\",\"name\":\"GRUPO CUEVAS CUMPRE 155 ANOS REFORZANDO LAZOS COS SEUS CLIENTES E OS SEUS EMPREGADOS - Marron Glac\u00e9\",\"isPartOf\":{\"@id\":\"https:\\\/\\\/www.marronglace.com\\\/gl\\\/#website\"},\"datePublished\":\"2022-11-22T11:00:00+00:00\",\"breadcrumb\":{\"@id\":\"https:\\\/\\\/www.marronglace.com\\\/gl\\\/2022\\\/11\\\/grupo-cuevas-cumpre-155-anos-reforzando-lazos-cos-seus-clientes-e-os-seus-empregados\\\/#breadcrumb\"},\"inLanguage\":\"gl-ES\",\"potentialAction\":[{\"@type\":\"ReadAction\",\"target\":[\"https:\\\/\\\/www.marronglace.com\\\/gl\\\/2022\\\/11\\\/grupo-cuevas-cumpre-155-anos-reforzando-lazos-cos-seus-clientes-e-os-seus-empregados\\\/\"]}]},{\"@type\":\"BreadcrumbList\",\"@id\":\"https:\\\/\\\/www.marronglace.com\\\/gl\\\/2022\\\/11\\\/grupo-cuevas-cumpre-155-anos-reforzando-lazos-cos-seus-clientes-e-os-seus-empregados\\\/#breadcrumb\",\"itemListElement\":[{\"@type\":\"ListItem\",\"position\":1,\"name\":\"Portada\",\"item\":\"https:\\\/\\\/www.marronglace.com\\\/gl\\\/\"},{\"@type\":\"ListItem\",\"position\":2,\"name\":\"GRUPO CUEVAS CUMPRE 155 ANOS REFORZANDO LAZOS COS SEUS CLIENTES E OS SEUS EMPREGADOS\"}]},{\"@type\":\"WebSite\",\"@id\":\"https:\\\/\\\/www.marronglace.com\\\/gl\\\/#website\",\"url\":\"https:\\\/\\\/www.marronglace.com\\\/gl\\\/\",\"name\":\"Marron Glac\u00e9\",\"description\":\"\",\"publisher\":{\"@id\":\"https:\\\/\\\/www.marronglace.com\\\/gl\\\/#organization\"},\"potentialAction\":[{\"@type\":\"SearchAction\",\"target\":{\"@type\":\"EntryPoint\",\"urlTemplate\":\"https:\\\/\\\/www.marronglace.com\\\/gl\\\/?s={search_term_string}\"},\"query-input\":{\"@type\":\"PropertyValueSpecification\",\"valueRequired\":true,\"valueName\":\"search_term_string\"}}],\"inLanguage\":\"gl-ES\"},{\"@type\":\"Organization\",\"@id\":\"https:\\\/\\\/www.marronglace.com\\\/gl\\\/#organization\",\"name\":\"Marron Glac\u00e9\",\"url\":\"https:\\\/\\\/www.marronglace.com\\\/gl\\\/\",\"logo\":{\"@type\":\"ImageObject\",\"inLanguage\":\"gl-ES\",\"@id\":\"https:\\\/\\\/www.marronglace.com\\\/gl\\\/#\\\/schema\\\/logo\\\/image\\\/\",\"url\":\"https:\\\/\\\/www.marronglace.com\\\/wp-content\\\/uploads\\\/2023\\\/11\\\/logo-cuevas-cia-normal.png\",\"contentUrl\":\"https:\\\/\\\/www.marronglace.com\\\/wp-content\\\/uploads\\\/2023\\\/11\\\/logo-cuevas-cia-normal.png\",\"width\":228,\"height\":57,\"caption\":\"Marron Glac\u00e9\"},\"image\":{\"@id\":\"https:\\\/\\\/www.marronglace.com\\\/gl\\\/#\\\/schema\\\/logo\\\/image\\\/\"}},{\"@type\":\"Person\",\"@id\":\"\",\"url\":\"https:\\\/\\\/www.marronglace.com\\\/gl\\\/author\\\/\"}]}<\/script>\n<!-- \/ Yoast SEO plugin. -->","yoast_head_json":{"title":"GRUPO CUEVAS CUMPRE 155 ANOS REFORZANDO LAZOS COS SEUS CLIENTES E OS SEUS EMPREGADOS - Marron Glac\u00e9","robots":{"index":"index","follow":"follow","max-snippet":"max-snippet:-1","max-image-preview":"max-image-preview:large","max-video-preview":"max-video-preview:-1"},"canonical":"https:\/\/www.marronglace.com\/gl\/2022\/11\/grupo-cuevas-cumpre-155-anos-reforzando-lazos-cos-seus-clientes-e-os-seus-empregados\/","og_locale":"gl_ES","og_type":"article","og_title":"GRUPO CUEVAS CUMPRE 155 ANOS REFORZANDO LAZOS COS SEUS CLIENTES E OS SEUS EMPREGADOS - Marron Glac\u00e9","og_description":"Grupo Cuevas alcanza un novo fito na s\u00faa traxectoria como empresa centenaria e sopra as velas dos seus 155 aniversarios. Tal e como fixese un 23 de novembro de 2016 na presentaci\u00f3n do seu 150 aniversario, o grupo de orixe ourens\u00e1 despregou un completo programa de acci\u00f3ns encami\u00f1adas \u00e1 celebraci\u00f3n desta efem\u00e9ride. Cunha clara orientaci\u00f3n&hellip;","og_url":"https:\/\/www.marronglace.com\/gl\/2022\/11\/grupo-cuevas-cumpre-155-anos-reforzando-lazos-cos-seus-clientes-e-os-seus-empregados\/","og_site_name":"Marron Glac\u00e9","article_published_time":"2022-11-22T11:00:00+00:00","twitter_card":"summary_large_image","twitter_misc":{"Escrito por":"","Tempo de lectura":"4 minutos"},"schema":{"@context":"https:\/\/schema.org","@graph":[{"@type":"Article","@id":"https:\/\/www.marronglace.com\/gl\/2022\/11\/grupo-cuevas-cumpre-155-anos-reforzando-lazos-cos-seus-clientes-e-os-seus-empregados\/#article","isPartOf":{"@id":"https:\/\/www.marronglace.com\/gl\/2022\/11\/grupo-cuevas-cumpre-155-anos-reforzando-lazos-cos-seus-clientes-e-os-seus-empregados\/"},"author":{"name":"","@id":""},"headline":"GRUPO CUEVAS CUMPRE 155 ANOS REFORZANDO LAZOS COS SEUS CLIENTES E OS SEUS EMPREGADOS","datePublished":"2022-11-22T11:00:00+00:00","mainEntityOfPage":{"@id":"https:\/\/www.marronglace.com\/gl\/2022\/11\/grupo-cuevas-cumpre-155-anos-reforzando-lazos-cos-seus-clientes-e-os-seus-empregados\/"},"wordCount":752,"publisher":{"@id":"https:\/\/www.marronglace.com\/gl\/#organization"},"articleSection":["Categor\u00eda"],"inLanguage":"gl-ES"},{"@type":"WebPage","@id":"https:\/\/www.marronglace.com\/gl\/2022\/11\/grupo-cuevas-cumpre-155-anos-reforzando-lazos-cos-seus-clientes-e-os-seus-empregados\/","url":"https:\/\/www.marronglace.com\/gl\/2022\/11\/grupo-cuevas-cumpre-155-anos-reforzando-lazos-cos-seus-clientes-e-os-seus-empregados\/","name":"GRUPO CUEVAS CUMPRE 155 ANOS REFORZANDO LAZOS COS SEUS CLIENTES E OS SEUS EMPREGADOS - Marron Glac\u00e9","isPartOf":{"@id":"https:\/\/www.marronglace.com\/gl\/#website"},"datePublished":"2022-11-22T11:00:00+00:00","breadcrumb":{"@id":"https:\/\/www.marronglace.com\/gl\/2022\/11\/grupo-cuevas-cumpre-155-anos-reforzando-lazos-cos-seus-clientes-e-os-seus-empregados\/#breadcrumb"},"inLanguage":"gl-ES","potentialAction":[{"@type":"ReadAction","target":["https:\/\/www.marronglace.com\/gl\/2022\/11\/grupo-cuevas-cumpre-155-anos-reforzando-lazos-cos-seus-clientes-e-os-seus-empregados\/"]}]},{"@type":"BreadcrumbList","@id":"https:\/\/www.marronglace.com\/gl\/2022\/11\/grupo-cuevas-cumpre-155-anos-reforzando-lazos-cos-seus-clientes-e-os-seus-empregados\/#breadcrumb","itemListElement":[{"@type":"ListItem","position":1,"name":"Portada","item":"https:\/\/www.marronglace.com\/gl\/"},{"@type":"ListItem","position":2,"name":"GRUPO CUEVAS CUMPRE 155 ANOS REFORZANDO LAZOS COS SEUS CLIENTES E OS SEUS EMPREGADOS"}]},{"@type":"WebSite","@id":"https:\/\/www.marronglace.com\/gl\/#website","url":"https:\/\/www.marronglace.com\/gl\/","name":"Marron Glac\u00e9","description":"","publisher":{"@id":"https:\/\/www.marronglace.com\/gl\/#organization"},"potentialAction":[{"@type":"SearchAction","target":{"@type":"EntryPoint","urlTemplate":"https:\/\/www.marronglace.com\/gl\/?s={search_term_string}"},"query-input":{"@type":"PropertyValueSpecification","valueRequired":true,"valueName":"search_term_string"}}],"inLanguage":"gl-ES"},{"@type":"Organization","@id":"https:\/\/www.marronglace.com\/gl\/#organization","name":"Marron Glac\u00e9","url":"https:\/\/www.marronglace.com\/gl\/","logo":{"@type":"ImageObject","inLanguage":"gl-ES","@id":"https:\/\/www.marronglace.com\/gl\/#\/schema\/logo\/image\/","url":"https:\/\/www.marronglace.com\/wp-content\/uploads\/2023\/11\/logo-cuevas-cia-normal.png","contentUrl":"https:\/\/www.marronglace.com\/wp-content\/uploads\/2023\/11\/logo-cuevas-cia-normal.png","width":228,"height":57,"caption":"Marron Glac\u00e9"},"image":{"@id":"https:\/\/www.marronglace.com\/gl\/#\/schema\/logo\/image\/"}},{"@type":"Person","@id":"","url":"https:\/\/www.marronglace.com\/gl\/author\/"}]}},"_links":{"self":[{"href":"https:\/\/www.marronglace.com\/gl\/wp-json\/wp\/v2\/posts\/1950","targetHints":{"allow":["GET"]}}],"collection":[{"href":"https:\/\/www.marronglace.com\/gl\/wp-json\/wp\/v2\/posts"}],"about":[{"href":"https:\/\/www.marronglace.com\/gl\/wp-json\/wp\/v2\/types\/post"}],"author":[{"embeddable":true,"href":"https:\/\/www.marronglace.com\/gl\/wp-json\/wp\/v2\/users\/1"}],"replies":[{"embeddable":true,"href":"https:\/\/www.marronglace.com\/gl\/wp-json\/wp\/v2\/comments?post=1950"}],"version-history":[{"count":0,"href":"https:\/\/www.marronglace.com\/gl\/wp-json\/wp\/v2\/posts\/1950\/revisions"}],"wp:attachment":[{"href":"https:\/\/www.marronglace.com\/gl\/wp-json\/wp\/v2\/media?parent=1950"}],"wp:term":[{"taxonomy":"category","embeddable":true,"href":"https:\/\/www.marronglace.com\/gl\/wp-json\/wp\/v2\/categories?post=1950"},{"taxonomy":"post_tag","embeddable":true,"href":"https:\/\/www.marronglace.com\/gl\/wp-json\/wp\/v2\/tags?post=1950"}],"curies":[{"name":"wp","href":"https:\/\/api.w.org\/{rel}","templated":true}]}}