{"id":3530,"date":"2025-10-31T12:00:00","date_gmt":"2025-10-31T11:00:00","guid":{"rendered":"https:\/\/www.megustairalsuper.es\/2025\/10\/participamos-na-mesa-redonda-de-net4food-en-braganca\/"},"modified":"2025-10-31T12:00:00","modified_gmt":"2025-10-31T11:00:00","slug":"participamos-na-mesa-redonda-de-net4food-en-braganca","status":"publish","type":"post","link":"https:\/\/www.marronglace.com\/gl\/2025\/10\/participamos-na-mesa-redonda-de-net4food-en-braganca\/","title":{"rendered":"PARTICIPAMOS NA MESA REDONDA DE NET4FOOD EN BRAGAN\u00c7A"},"content":{"rendered":"<p>Innovar tam\u00e9n significa cruzar fronteiras e compartir co\u00f1ecemento, e por este motivo, onte, Roc\u00edo Cid D\u00edaz, xerente de Cuevas e C\u00eda, participou nunha xornada de Net4Food celebrada en Bragan\u00e7a, Portugal. Concretamente nunha mesa redonda que reuniu a empresas e agrupaci\u00f3ns industriais de Espa\u00f1a e Portugal para reflexionar sobre o presente e o futuro do sector agroalimentario ib\u00e9rico, especialmente na Eurorrexi\u00f3n Galicia\u2013Norte de Portugal.<br \/>Nesta xornada tivemos a fortuna de compartir espazo e intercambio de ideas con Helena Jamardo, da Agrupaci\u00f3n industrial Alimentaria de Galicia; Deolinda Silva, da agrupaci\u00f3n industrial PortugalFoods; Elisabete Ferreira, de P\u00e3o de Gimonde; Filipe Centeo, de Proenol;  Carolina Dias, de Casa Mendes Gon\u00e7alves, Pedro Babo, de LandraTech  e Iv\u00e1n Garc\u00eda Besada, de N\u00e9boda Farms, nun encontro centrado na innovaci\u00f3n, a sustentabilidade e as novas tendencias que est\u00e1n a transformar a nosa forma de producir e consumir alimentos.<br \/>Esta nova cita con Net4Food contin\u00faa o cami\u00f1o iniciado hai uns meses, cando participamos no encontro celebrado no Campus de Ourense, onde empresas e investigadores compartimos ideas e experiencias para constru\u00edr unha alimentaci\u00f3n m\u00e1is saudable, sostible e conectada co co\u00f1ecemento cient\u00edfico.<br \/>En Cuevas e C\u00eda cremos que a mellor maneira de avanzar \u00e9 facelo xuntos, colaborando e aprendendo con quen comparte a nosa visi\u00f3n de futuro para o sector alimentario.<br \/><a href='http:\/\/www.grupocuevas.com\/news\/3034\/net4food_2025.png' target=\"_blank\">Ver imaxe<\/a><\/p>\n","protected":false},"excerpt":{"rendered":"<p>Innovar tam\u00e9n significa cruzar fronteiras e compartir co\u00f1ecemento, e por este motivo, onte, Roc\u00edo Cid D\u00edaz, xerente de Cuevas e C\u00eda, participou nunha xornada de Net4Food celebrada en Bragan\u00e7a, Portugal. Concretamente nunha mesa redonda que reuniu a empresas e agrupaci\u00f3ns industriais de Espa\u00f1a e Portugal para reflexionar sobre o presente e o futuro do sector&hellip;<\/p>\n","protected":false},"author":1,"featured_media":0,"comment_status":"closed","ping_status":"open","sticky":false,"template":"","format":"standard","meta":{"_acf_changed":false,"footnotes":""},"categories":[36],"tags":[],"class_list":["post-3530","post","type-post","status-publish","format-standard","hentry","category-categoria-gl","category-36","description-off"],"acf":[],"yoast_head":"<!-- This site is optimized with the Yoast SEO plugin v27.5 - https:\/\/yoast.com\/product\/yoast-seo-wordpress\/ -->\n<title>PARTICIPAMOS NA MESA REDONDA DE NET4FOOD EN BRAGAN\u00c7A - Marron Glac\u00e9<\/title>\n<meta name=\"robots\" content=\"index, follow, max-snippet:-1, max-image-preview:large, max-video-preview:-1\" \/>\n<link rel=\"canonical\" href=\"https:\/\/www.marronglace.com\/gl\/2025\/10\/participamos-na-mesa-redonda-de-net4food-en-braganca\/\" \/>\n<meta property=\"og:locale\" content=\"gl_ES\" \/>\n<meta property=\"og:type\" content=\"article\" \/>\n<meta property=\"og:title\" content=\"PARTICIPAMOS NA MESA REDONDA DE NET4FOOD EN BRAGAN\u00c7A - Marron Glac\u00e9\" \/>\n<meta property=\"og:description\" content=\"Innovar tam\u00e9n significa cruzar fronteiras e compartir co\u00f1ecemento, e por este motivo, onte, Roc\u00edo Cid D\u00edaz, xerente de Cuevas e C\u00eda, participou nunha xornada de Net4Food celebrada en Bragan\u00e7a, Portugal. Concretamente nunha mesa redonda que reuniu a empresas e agrupaci\u00f3ns industriais de Espa\u00f1a e Portugal para reflexionar sobre o presente e o futuro do sector&hellip;\" \/>\n<meta property=\"og:url\" content=\"https:\/\/www.marronglace.com\/gl\/2025\/10\/participamos-na-mesa-redonda-de-net4food-en-braganca\/\" \/>\n<meta property=\"og:site_name\" content=\"Marron Glac\u00e9\" \/>\n<meta property=\"article:published_time\" content=\"2025-10-31T11:00:00+00:00\" \/>\n<meta name=\"twitter:card\" content=\"summary_large_image\" \/>\n<meta name=\"twitter:label1\" content=\"Escrito por\" \/>\n\t<meta name=\"twitter:data1\" content=\"\" \/>\n\t<meta name=\"twitter:label2\" content=\"Tempo de lectura\" \/>\n\t<meta name=\"twitter:data2\" content=\"1 minuto\" \/>\n<script type=\"application\/ld+json\" class=\"yoast-schema-graph\">{\"@context\":\"https:\\\/\\\/schema.org\",\"@graph\":[{\"@type\":\"Article\",\"@id\":\"https:\\\/\\\/www.marronglace.com\\\/gl\\\/2025\\\/10\\\/participamos-na-mesa-redonda-de-net4food-en-braganca\\\/#article\",\"isPartOf\":{\"@id\":\"https:\\\/\\\/www.marronglace.com\\\/gl\\\/2025\\\/10\\\/participamos-na-mesa-redonda-de-net4food-en-braganca\\\/\"},\"author\":{\"name\":\"\",\"@id\":\"\"},\"headline\":\"PARTICIPAMOS NA MESA REDONDA DE NET4FOOD EN BRAGAN\u00c7A\",\"datePublished\":\"2025-10-31T11:00:00+00:00\",\"mainEntityOfPage\":{\"@id\":\"https:\\\/\\\/www.marronglace.com\\\/gl\\\/2025\\\/10\\\/participamos-na-mesa-redonda-de-net4food-en-braganca\\\/\"},\"wordCount\":252,\"publisher\":{\"@id\":\"https:\\\/\\\/www.marronglace.com\\\/gl\\\/#organization\"},\"articleSection\":[\"Categor\u00eda\"],\"inLanguage\":\"gl-ES\"},{\"@type\":\"WebPage\",\"@id\":\"https:\\\/\\\/www.marronglace.com\\\/gl\\\/2025\\\/10\\\/participamos-na-mesa-redonda-de-net4food-en-braganca\\\/\",\"url\":\"https:\\\/\\\/www.marronglace.com\\\/gl\\\/2025\\\/10\\\/participamos-na-mesa-redonda-de-net4food-en-braganca\\\/\",\"name\":\"PARTICIPAMOS NA MESA REDONDA DE NET4FOOD EN BRAGAN\u00c7A - Marron Glac\u00e9\",\"isPartOf\":{\"@id\":\"https:\\\/\\\/www.marronglace.com\\\/gl\\\/#website\"},\"datePublished\":\"2025-10-31T11:00:00+00:00\",\"breadcrumb\":{\"@id\":\"https:\\\/\\\/www.marronglace.com\\\/gl\\\/2025\\\/10\\\/participamos-na-mesa-redonda-de-net4food-en-braganca\\\/#breadcrumb\"},\"inLanguage\":\"gl-ES\",\"potentialAction\":[{\"@type\":\"ReadAction\",\"target\":[\"https:\\\/\\\/www.marronglace.com\\\/gl\\\/2025\\\/10\\\/participamos-na-mesa-redonda-de-net4food-en-braganca\\\/\"]}]},{\"@type\":\"BreadcrumbList\",\"@id\":\"https:\\\/\\\/www.marronglace.com\\\/gl\\\/2025\\\/10\\\/participamos-na-mesa-redonda-de-net4food-en-braganca\\\/#breadcrumb\",\"itemListElement\":[{\"@type\":\"ListItem\",\"position\":1,\"name\":\"Portada\",\"item\":\"https:\\\/\\\/www.marronglace.com\\\/gl\\\/\"},{\"@type\":\"ListItem\",\"position\":2,\"name\":\"PARTICIPAMOS NA MESA REDONDA DE NET4FOOD EN BRAGAN\u00c7A\"}]},{\"@type\":\"WebSite\",\"@id\":\"https:\\\/\\\/www.marronglace.com\\\/gl\\\/#website\",\"url\":\"https:\\\/\\\/www.marronglace.com\\\/gl\\\/\",\"name\":\"Marron Glac\u00e9\",\"description\":\"\",\"publisher\":{\"@id\":\"https:\\\/\\\/www.marronglace.com\\\/gl\\\/#organization\"},\"potentialAction\":[{\"@type\":\"SearchAction\",\"target\":{\"@type\":\"EntryPoint\",\"urlTemplate\":\"https:\\\/\\\/www.marronglace.com\\\/gl\\\/?s={search_term_string}\"},\"query-input\":{\"@type\":\"PropertyValueSpecification\",\"valueRequired\":true,\"valueName\":\"search_term_string\"}}],\"inLanguage\":\"gl-ES\"},{\"@type\":\"Organization\",\"@id\":\"https:\\\/\\\/www.marronglace.com\\\/gl\\\/#organization\",\"name\":\"Marron Glac\u00e9\",\"url\":\"https:\\\/\\\/www.marronglace.com\\\/gl\\\/\",\"logo\":{\"@type\":\"ImageObject\",\"inLanguage\":\"gl-ES\",\"@id\":\"https:\\\/\\\/www.marronglace.com\\\/gl\\\/#\\\/schema\\\/logo\\\/image\\\/\",\"url\":\"https:\\\/\\\/www.marronglace.com\\\/wp-content\\\/uploads\\\/2023\\\/11\\\/logo-cuevas-cia-normal.png\",\"contentUrl\":\"https:\\\/\\\/www.marronglace.com\\\/wp-content\\\/uploads\\\/2023\\\/11\\\/logo-cuevas-cia-normal.png\",\"width\":228,\"height\":57,\"caption\":\"Marron Glac\u00e9\"},\"image\":{\"@id\":\"https:\\\/\\\/www.marronglace.com\\\/gl\\\/#\\\/schema\\\/logo\\\/image\\\/\"}},{\"@type\":\"Person\",\"@id\":\"\",\"url\":\"https:\\\/\\\/www.marronglace.com\\\/gl\\\/author\\\/\"}]}<\/script>\n<!-- \/ Yoast SEO plugin. -->","yoast_head_json":{"title":"PARTICIPAMOS NA MESA REDONDA DE NET4FOOD EN BRAGAN\u00c7A - Marron Glac\u00e9","robots":{"index":"index","follow":"follow","max-snippet":"max-snippet:-1","max-image-preview":"max-image-preview:large","max-video-preview":"max-video-preview:-1"},"canonical":"https:\/\/www.marronglace.com\/gl\/2025\/10\/participamos-na-mesa-redonda-de-net4food-en-braganca\/","og_locale":"gl_ES","og_type":"article","og_title":"PARTICIPAMOS NA MESA REDONDA DE NET4FOOD EN BRAGAN\u00c7A - Marron Glac\u00e9","og_description":"Innovar tam\u00e9n significa cruzar fronteiras e compartir co\u00f1ecemento, e por este motivo, onte, Roc\u00edo Cid D\u00edaz, xerente de Cuevas e C\u00eda, participou nunha xornada de Net4Food celebrada en Bragan\u00e7a, Portugal. Concretamente nunha mesa redonda que reuniu a empresas e agrupaci\u00f3ns industriais de Espa\u00f1a e Portugal para reflexionar sobre o presente e o futuro do sector&hellip;","og_url":"https:\/\/www.marronglace.com\/gl\/2025\/10\/participamos-na-mesa-redonda-de-net4food-en-braganca\/","og_site_name":"Marron Glac\u00e9","article_published_time":"2025-10-31T11:00:00+00:00","twitter_card":"summary_large_image","twitter_misc":{"Escrito por":"","Tempo de lectura":"1 minuto"},"schema":{"@context":"https:\/\/schema.org","@graph":[{"@type":"Article","@id":"https:\/\/www.marronglace.com\/gl\/2025\/10\/participamos-na-mesa-redonda-de-net4food-en-braganca\/#article","isPartOf":{"@id":"https:\/\/www.marronglace.com\/gl\/2025\/10\/participamos-na-mesa-redonda-de-net4food-en-braganca\/"},"author":{"name":"","@id":""},"headline":"PARTICIPAMOS NA MESA REDONDA DE NET4FOOD EN BRAGAN\u00c7A","datePublished":"2025-10-31T11:00:00+00:00","mainEntityOfPage":{"@id":"https:\/\/www.marronglace.com\/gl\/2025\/10\/participamos-na-mesa-redonda-de-net4food-en-braganca\/"},"wordCount":252,"publisher":{"@id":"https:\/\/www.marronglace.com\/gl\/#organization"},"articleSection":["Categor\u00eda"],"inLanguage":"gl-ES"},{"@type":"WebPage","@id":"https:\/\/www.marronglace.com\/gl\/2025\/10\/participamos-na-mesa-redonda-de-net4food-en-braganca\/","url":"https:\/\/www.marronglace.com\/gl\/2025\/10\/participamos-na-mesa-redonda-de-net4food-en-braganca\/","name":"PARTICIPAMOS NA MESA REDONDA DE NET4FOOD EN BRAGAN\u00c7A - Marron Glac\u00e9","isPartOf":{"@id":"https:\/\/www.marronglace.com\/gl\/#website"},"datePublished":"2025-10-31T11:00:00+00:00","breadcrumb":{"@id":"https:\/\/www.marronglace.com\/gl\/2025\/10\/participamos-na-mesa-redonda-de-net4food-en-braganca\/#breadcrumb"},"inLanguage":"gl-ES","potentialAction":[{"@type":"ReadAction","target":["https:\/\/www.marronglace.com\/gl\/2025\/10\/participamos-na-mesa-redonda-de-net4food-en-braganca\/"]}]},{"@type":"BreadcrumbList","@id":"https:\/\/www.marronglace.com\/gl\/2025\/10\/participamos-na-mesa-redonda-de-net4food-en-braganca\/#breadcrumb","itemListElement":[{"@type":"ListItem","position":1,"name":"Portada","item":"https:\/\/www.marronglace.com\/gl\/"},{"@type":"ListItem","position":2,"name":"PARTICIPAMOS NA MESA REDONDA DE NET4FOOD EN BRAGAN\u00c7A"}]},{"@type":"WebSite","@id":"https:\/\/www.marronglace.com\/gl\/#website","url":"https:\/\/www.marronglace.com\/gl\/","name":"Marron Glac\u00e9","description":"","publisher":{"@id":"https:\/\/www.marronglace.com\/gl\/#organization"},"potentialAction":[{"@type":"SearchAction","target":{"@type":"EntryPoint","urlTemplate":"https:\/\/www.marronglace.com\/gl\/?s={search_term_string}"},"query-input":{"@type":"PropertyValueSpecification","valueRequired":true,"valueName":"search_term_string"}}],"inLanguage":"gl-ES"},{"@type":"Organization","@id":"https:\/\/www.marronglace.com\/gl\/#organization","name":"Marron Glac\u00e9","url":"https:\/\/www.marronglace.com\/gl\/","logo":{"@type":"ImageObject","inLanguage":"gl-ES","@id":"https:\/\/www.marronglace.com\/gl\/#\/schema\/logo\/image\/","url":"https:\/\/www.marronglace.com\/wp-content\/uploads\/2023\/11\/logo-cuevas-cia-normal.png","contentUrl":"https:\/\/www.marronglace.com\/wp-content\/uploads\/2023\/11\/logo-cuevas-cia-normal.png","width":228,"height":57,"caption":"Marron Glac\u00e9"},"image":{"@id":"https:\/\/www.marronglace.com\/gl\/#\/schema\/logo\/image\/"}},{"@type":"Person","@id":"","url":"https:\/\/www.marronglace.com\/gl\/author\/"}]}},"_links":{"self":[{"href":"https:\/\/www.marronglace.com\/gl\/wp-json\/wp\/v2\/posts\/3530","targetHints":{"allow":["GET"]}}],"collection":[{"href":"https:\/\/www.marronglace.com\/gl\/wp-json\/wp\/v2\/posts"}],"about":[{"href":"https:\/\/www.marronglace.com\/gl\/wp-json\/wp\/v2\/types\/post"}],"author":[{"embeddable":true,"href":"https:\/\/www.marronglace.com\/gl\/wp-json\/wp\/v2\/users\/1"}],"replies":[{"embeddable":true,"href":"https:\/\/www.marronglace.com\/gl\/wp-json\/wp\/v2\/comments?post=3530"}],"version-history":[{"count":0,"href":"https:\/\/www.marronglace.com\/gl\/wp-json\/wp\/v2\/posts\/3530\/revisions"}],"wp:attachment":[{"href":"https:\/\/www.marronglace.com\/gl\/wp-json\/wp\/v2\/media?parent=3530"}],"wp:term":[{"taxonomy":"category","embeddable":true,"href":"https:\/\/www.marronglace.com\/gl\/wp-json\/wp\/v2\/categories?post=3530"},{"taxonomy":"post_tag","embeddable":true,"href":"https:\/\/www.marronglace.com\/gl\/wp-json\/wp\/v2\/tags?post=3530"}],"curies":[{"name":"wp","href":"https:\/\/api.w.org\/{rel}","templated":true}]}}