{"id":3531,"date":"2025-10-31T12:00:00","date_gmt":"2025-10-31T11:00:00","guid":{"rendered":"https:\/\/www.megustairalsuper.es\/2025\/10\/visitamos-gastronomika-en-san-sebastian\/"},"modified":"2025-10-31T12:00:00","modified_gmt":"2025-10-31T11:00:00","slug":"visitamos-gastronomika-en-san-sebastian","status":"publish","type":"post","link":"https:\/\/www.marronglace.com\/gl\/2025\/10\/visitamos-gastronomika-en-san-sebastian\/","title":{"rendered":"VISITAMOS GASTRON\u00d3MIKA EN SAN SEBASTI\u00c1N"},"content":{"rendered":"<p>VISITAMOS GASTR\u00d3NOMIKA EN SAN SABASTI\u00c1N<br \/>Por primeira vez, Cuevas e C\u00eda participou en San Sebasti\u00e1n Gastron\u00f3mika, un dos congresos culinarios m\u00e1is prestixiosos do mundo. Roc\u00edo Cid, xerente da empresa, representou \u00e1 marca na caseta de AGACAL (Axencia Galega de Calidade Alimentaria), desde onde tivo a oportunidade de dar a co\u00f1ecer a gama Cuevas Chef fronte chefs, expertos e profesionais do sector gastron\u00f3mico.<br \/>A presenza dos nosos produtos espertou un gran interese, especialmente entre quen busca novas propostas para a alta coci\u00f1a. O delicado marron glac\u00e9 non pasou desapercibido e foi toda unha sorpresa para moitos. Pero, o que realmente chamou a atenci\u00f3n foron nosas referencias de guarnici\u00f3n de casta\u00f1as, casta\u00f1a en caldo de azucre e casta\u00f1a ao natural.<br \/>Unha experiencia enriquecedora na que tradici\u00f3n, innovaci\u00f3n e excelencia un\u00edronse para seguir consolidando o valor dos nosos produtos no \u00e1mbito gourmet e abrir novas oportunidades na coci\u00f1a de autor.<br \/><a href='http:\/\/www.grupocuevas.com\/news\/3032\/gastronomika2025.jpeg' target=\"_blank\">Ver imaxe<\/a><\/p>\n","protected":false},"excerpt":{"rendered":"<p>VISITAMOS GASTR\u00d3NOMIKA EN SAN SABASTI\u00c1NPor primeira vez, Cuevas e C\u00eda participou en San Sebasti\u00e1n Gastron\u00f3mika, un dos congresos culinarios m\u00e1is prestixiosos do mundo. Roc\u00edo Cid, xerente da empresa, representou \u00e1 marca na caseta de AGACAL (Axencia Galega de Calidade Alimentaria), desde onde tivo a oportunidade de dar a co\u00f1ecer a gama Cuevas Chef fronte chefs,&hellip;<\/p>\n","protected":false},"author":1,"featured_media":0,"comment_status":"closed","ping_status":"open","sticky":false,"template":"","format":"standard","meta":{"_acf_changed":false,"footnotes":""},"categories":[36],"tags":[],"class_list":["post-3531","post","type-post","status-publish","format-standard","hentry","category-categoria-gl","category-36","description-off"],"acf":[],"yoast_head":"<!-- This site is optimized with the Yoast SEO plugin v27.5 - https:\/\/yoast.com\/product\/yoast-seo-wordpress\/ -->\n<title>VISITAMOS GASTRON\u00d3MIKA EN SAN SEBASTI\u00c1N - Marron Glac\u00e9<\/title>\n<meta name=\"robots\" content=\"index, follow, max-snippet:-1, max-image-preview:large, max-video-preview:-1\" \/>\n<link rel=\"canonical\" href=\"https:\/\/www.marronglace.com\/gl\/2025\/10\/visitamos-gastronomika-en-san-sebastian\/\" \/>\n<meta property=\"og:locale\" content=\"gl_ES\" \/>\n<meta property=\"og:type\" content=\"article\" \/>\n<meta property=\"og:title\" content=\"VISITAMOS GASTRON\u00d3MIKA EN SAN SEBASTI\u00c1N - Marron Glac\u00e9\" \/>\n<meta property=\"og:description\" content=\"VISITAMOS GASTR\u00d3NOMIKA EN SAN SABASTI\u00c1NPor primeira vez, Cuevas e C\u00eda participou en San Sebasti\u00e1n Gastron\u00f3mika, un dos congresos culinarios m\u00e1is prestixiosos do mundo. Roc\u00edo Cid, xerente da empresa, representou \u00e1 marca na caseta de AGACAL (Axencia Galega de Calidade Alimentaria), desde onde tivo a oportunidade de dar a co\u00f1ecer a gama Cuevas Chef fronte chefs,&hellip;\" \/>\n<meta property=\"og:url\" content=\"https:\/\/www.marronglace.com\/gl\/2025\/10\/visitamos-gastronomika-en-san-sebastian\/\" \/>\n<meta property=\"og:site_name\" content=\"Marron Glac\u00e9\" \/>\n<meta property=\"article:published_time\" content=\"2025-10-31T11:00:00+00:00\" \/>\n<meta name=\"twitter:card\" content=\"summary_large_image\" \/>\n<meta name=\"twitter:label1\" content=\"Escrito por\" \/>\n\t<meta name=\"twitter:data1\" content=\"\" \/>\n\t<meta name=\"twitter:label2\" content=\"Tempo de lectura\" \/>\n\t<meta name=\"twitter:data2\" content=\"1 minuto\" \/>\n<script type=\"application\/ld+json\" class=\"yoast-schema-graph\">{\"@context\":\"https:\\\/\\\/schema.org\",\"@graph\":[{\"@type\":\"Article\",\"@id\":\"https:\\\/\\\/www.marronglace.com\\\/gl\\\/2025\\\/10\\\/visitamos-gastronomika-en-san-sebastian\\\/#article\",\"isPartOf\":{\"@id\":\"https:\\\/\\\/www.marronglace.com\\\/gl\\\/2025\\\/10\\\/visitamos-gastronomika-en-san-sebastian\\\/\"},\"author\":{\"name\":\"\",\"@id\":\"\"},\"headline\":\"VISITAMOS GASTRON\u00d3MIKA EN SAN SEBASTI\u00c1N\",\"datePublished\":\"2025-10-31T11:00:00+00:00\",\"mainEntityOfPage\":{\"@id\":\"https:\\\/\\\/www.marronglace.com\\\/gl\\\/2025\\\/10\\\/visitamos-gastronomika-en-san-sebastian\\\/\"},\"wordCount\":173,\"publisher\":{\"@id\":\"https:\\\/\\\/www.marronglace.com\\\/gl\\\/#organization\"},\"articleSection\":[\"Categor\u00eda\"],\"inLanguage\":\"gl-ES\"},{\"@type\":\"WebPage\",\"@id\":\"https:\\\/\\\/www.marronglace.com\\\/gl\\\/2025\\\/10\\\/visitamos-gastronomika-en-san-sebastian\\\/\",\"url\":\"https:\\\/\\\/www.marronglace.com\\\/gl\\\/2025\\\/10\\\/visitamos-gastronomika-en-san-sebastian\\\/\",\"name\":\"VISITAMOS GASTRON\u00d3MIKA EN SAN SEBASTI\u00c1N - Marron Glac\u00e9\",\"isPartOf\":{\"@id\":\"https:\\\/\\\/www.marronglace.com\\\/gl\\\/#website\"},\"datePublished\":\"2025-10-31T11:00:00+00:00\",\"breadcrumb\":{\"@id\":\"https:\\\/\\\/www.marronglace.com\\\/gl\\\/2025\\\/10\\\/visitamos-gastronomika-en-san-sebastian\\\/#breadcrumb\"},\"inLanguage\":\"gl-ES\",\"potentialAction\":[{\"@type\":\"ReadAction\",\"target\":[\"https:\\\/\\\/www.marronglace.com\\\/gl\\\/2025\\\/10\\\/visitamos-gastronomika-en-san-sebastian\\\/\"]}]},{\"@type\":\"BreadcrumbList\",\"@id\":\"https:\\\/\\\/www.marronglace.com\\\/gl\\\/2025\\\/10\\\/visitamos-gastronomika-en-san-sebastian\\\/#breadcrumb\",\"itemListElement\":[{\"@type\":\"ListItem\",\"position\":1,\"name\":\"Portada\",\"item\":\"https:\\\/\\\/www.marronglace.com\\\/gl\\\/\"},{\"@type\":\"ListItem\",\"position\":2,\"name\":\"VISITAMOS GASTRON\u00d3MIKA EN SAN SEBASTI\u00c1N\"}]},{\"@type\":\"WebSite\",\"@id\":\"https:\\\/\\\/www.marronglace.com\\\/gl\\\/#website\",\"url\":\"https:\\\/\\\/www.marronglace.com\\\/gl\\\/\",\"name\":\"Marron Glac\u00e9\",\"description\":\"\",\"publisher\":{\"@id\":\"https:\\\/\\\/www.marronglace.com\\\/gl\\\/#organization\"},\"potentialAction\":[{\"@type\":\"SearchAction\",\"target\":{\"@type\":\"EntryPoint\",\"urlTemplate\":\"https:\\\/\\\/www.marronglace.com\\\/gl\\\/?s={search_term_string}\"},\"query-input\":{\"@type\":\"PropertyValueSpecification\",\"valueRequired\":true,\"valueName\":\"search_term_string\"}}],\"inLanguage\":\"gl-ES\"},{\"@type\":\"Organization\",\"@id\":\"https:\\\/\\\/www.marronglace.com\\\/gl\\\/#organization\",\"name\":\"Marron Glac\u00e9\",\"url\":\"https:\\\/\\\/www.marronglace.com\\\/gl\\\/\",\"logo\":{\"@type\":\"ImageObject\",\"inLanguage\":\"gl-ES\",\"@id\":\"https:\\\/\\\/www.marronglace.com\\\/gl\\\/#\\\/schema\\\/logo\\\/image\\\/\",\"url\":\"https:\\\/\\\/www.marronglace.com\\\/wp-content\\\/uploads\\\/2023\\\/11\\\/logo-cuevas-cia-normal.png\",\"contentUrl\":\"https:\\\/\\\/www.marronglace.com\\\/wp-content\\\/uploads\\\/2023\\\/11\\\/logo-cuevas-cia-normal.png\",\"width\":228,\"height\":57,\"caption\":\"Marron Glac\u00e9\"},\"image\":{\"@id\":\"https:\\\/\\\/www.marronglace.com\\\/gl\\\/#\\\/schema\\\/logo\\\/image\\\/\"}},{\"@type\":\"Person\",\"@id\":\"\",\"url\":\"https:\\\/\\\/www.marronglace.com\\\/gl\\\/author\\\/\"}]}<\/script>\n<!-- \/ Yoast SEO plugin. -->","yoast_head_json":{"title":"VISITAMOS GASTRON\u00d3MIKA EN SAN SEBASTI\u00c1N - Marron Glac\u00e9","robots":{"index":"index","follow":"follow","max-snippet":"max-snippet:-1","max-image-preview":"max-image-preview:large","max-video-preview":"max-video-preview:-1"},"canonical":"https:\/\/www.marronglace.com\/gl\/2025\/10\/visitamos-gastronomika-en-san-sebastian\/","og_locale":"gl_ES","og_type":"article","og_title":"VISITAMOS GASTRON\u00d3MIKA EN SAN SEBASTI\u00c1N - Marron Glac\u00e9","og_description":"VISITAMOS GASTR\u00d3NOMIKA EN SAN SABASTI\u00c1NPor primeira vez, Cuevas e C\u00eda participou en San Sebasti\u00e1n Gastron\u00f3mika, un dos congresos culinarios m\u00e1is prestixiosos do mundo. Roc\u00edo Cid, xerente da empresa, representou \u00e1 marca na caseta de AGACAL (Axencia Galega de Calidade Alimentaria), desde onde tivo a oportunidade de dar a co\u00f1ecer a gama Cuevas Chef fronte chefs,&hellip;","og_url":"https:\/\/www.marronglace.com\/gl\/2025\/10\/visitamos-gastronomika-en-san-sebastian\/","og_site_name":"Marron Glac\u00e9","article_published_time":"2025-10-31T11:00:00+00:00","twitter_card":"summary_large_image","twitter_misc":{"Escrito por":"","Tempo de lectura":"1 minuto"},"schema":{"@context":"https:\/\/schema.org","@graph":[{"@type":"Article","@id":"https:\/\/www.marronglace.com\/gl\/2025\/10\/visitamos-gastronomika-en-san-sebastian\/#article","isPartOf":{"@id":"https:\/\/www.marronglace.com\/gl\/2025\/10\/visitamos-gastronomika-en-san-sebastian\/"},"author":{"name":"","@id":""},"headline":"VISITAMOS GASTRON\u00d3MIKA EN SAN SEBASTI\u00c1N","datePublished":"2025-10-31T11:00:00+00:00","mainEntityOfPage":{"@id":"https:\/\/www.marronglace.com\/gl\/2025\/10\/visitamos-gastronomika-en-san-sebastian\/"},"wordCount":173,"publisher":{"@id":"https:\/\/www.marronglace.com\/gl\/#organization"},"articleSection":["Categor\u00eda"],"inLanguage":"gl-ES"},{"@type":"WebPage","@id":"https:\/\/www.marronglace.com\/gl\/2025\/10\/visitamos-gastronomika-en-san-sebastian\/","url":"https:\/\/www.marronglace.com\/gl\/2025\/10\/visitamos-gastronomika-en-san-sebastian\/","name":"VISITAMOS GASTRON\u00d3MIKA EN SAN SEBASTI\u00c1N - Marron Glac\u00e9","isPartOf":{"@id":"https:\/\/www.marronglace.com\/gl\/#website"},"datePublished":"2025-10-31T11:00:00+00:00","breadcrumb":{"@id":"https:\/\/www.marronglace.com\/gl\/2025\/10\/visitamos-gastronomika-en-san-sebastian\/#breadcrumb"},"inLanguage":"gl-ES","potentialAction":[{"@type":"ReadAction","target":["https:\/\/www.marronglace.com\/gl\/2025\/10\/visitamos-gastronomika-en-san-sebastian\/"]}]},{"@type":"BreadcrumbList","@id":"https:\/\/www.marronglace.com\/gl\/2025\/10\/visitamos-gastronomika-en-san-sebastian\/#breadcrumb","itemListElement":[{"@type":"ListItem","position":1,"name":"Portada","item":"https:\/\/www.marronglace.com\/gl\/"},{"@type":"ListItem","position":2,"name":"VISITAMOS GASTRON\u00d3MIKA EN SAN SEBASTI\u00c1N"}]},{"@type":"WebSite","@id":"https:\/\/www.marronglace.com\/gl\/#website","url":"https:\/\/www.marronglace.com\/gl\/","name":"Marron Glac\u00e9","description":"","publisher":{"@id":"https:\/\/www.marronglace.com\/gl\/#organization"},"potentialAction":[{"@type":"SearchAction","target":{"@type":"EntryPoint","urlTemplate":"https:\/\/www.marronglace.com\/gl\/?s={search_term_string}"},"query-input":{"@type":"PropertyValueSpecification","valueRequired":true,"valueName":"search_term_string"}}],"inLanguage":"gl-ES"},{"@type":"Organization","@id":"https:\/\/www.marronglace.com\/gl\/#organization","name":"Marron Glac\u00e9","url":"https:\/\/www.marronglace.com\/gl\/","logo":{"@type":"ImageObject","inLanguage":"gl-ES","@id":"https:\/\/www.marronglace.com\/gl\/#\/schema\/logo\/image\/","url":"https:\/\/www.marronglace.com\/wp-content\/uploads\/2023\/11\/logo-cuevas-cia-normal.png","contentUrl":"https:\/\/www.marronglace.com\/wp-content\/uploads\/2023\/11\/logo-cuevas-cia-normal.png","width":228,"height":57,"caption":"Marron Glac\u00e9"},"image":{"@id":"https:\/\/www.marronglace.com\/gl\/#\/schema\/logo\/image\/"}},{"@type":"Person","@id":"","url":"https:\/\/www.marronglace.com\/gl\/author\/"}]}},"_links":{"self":[{"href":"https:\/\/www.marronglace.com\/gl\/wp-json\/wp\/v2\/posts\/3531","targetHints":{"allow":["GET"]}}],"collection":[{"href":"https:\/\/www.marronglace.com\/gl\/wp-json\/wp\/v2\/posts"}],"about":[{"href":"https:\/\/www.marronglace.com\/gl\/wp-json\/wp\/v2\/types\/post"}],"author":[{"embeddable":true,"href":"https:\/\/www.marronglace.com\/gl\/wp-json\/wp\/v2\/users\/1"}],"replies":[{"embeddable":true,"href":"https:\/\/www.marronglace.com\/gl\/wp-json\/wp\/v2\/comments?post=3531"}],"version-history":[{"count":0,"href":"https:\/\/www.marronglace.com\/gl\/wp-json\/wp\/v2\/posts\/3531\/revisions"}],"wp:attachment":[{"href":"https:\/\/www.marronglace.com\/gl\/wp-json\/wp\/v2\/media?parent=3531"}],"wp:term":[{"taxonomy":"category","embeddable":true,"href":"https:\/\/www.marronglace.com\/gl\/wp-json\/wp\/v2\/categories?post=3531"},{"taxonomy":"post_tag","embeddable":true,"href":"https:\/\/www.marronglace.com\/gl\/wp-json\/wp\/v2\/tags?post=3531"}],"curies":[{"name":"wp","href":"https:\/\/api.w.org\/{rel}","templated":true}]}}