{"id":3601,"date":"2025-11-13T12:00:00","date_gmt":"2025-11-13T11:00:00","guid":{"rendered":"https:\/\/megustairalsuper.gal\/2025\/11\/a-conselleira-de-medio-rural-visita-cuevas-e-cia\/"},"modified":"2025-11-13T12:00:00","modified_gmt":"2025-11-13T11:00:00","slug":"a-conselleira-de-medio-rural-visita-cuevas-e-cia","status":"publish","type":"post","link":"https:\/\/www.marronglace.com\/gl\/2025\/11\/a-conselleira-de-medio-rural-visita-cuevas-e-cia\/","title":{"rendered":"A CONSELLEIRA DE MEDIO RURAL VISITA CUEVAS E C\u00cdA"},"content":{"rendered":"<p>Esta ma\u00f1\u00e1, tivemos o pracer de recibir nas instalaci\u00f3ns de Cuevas y C\u00eda, en San Cibrao das Vi\u00f1as, \u00e1 conselleira do Medio Rural da Xunta de Galicia, Mar\u00eda Jos\u00e9 G\u00f3mez, acompa\u00f1ada polo director da Axencia Galega da Calidade Alimentaria, Martin Alemparte Vidal.<br \/>Durante a visita, a conselleira reco\u00f1eceu a aposta do Grupo Cuevas pola innovaci\u00f3n e a transformaci\u00f3n agroalimentaria en Galicia, as\u00ed como o papel pioneiro de Cuevas Marron Glac\u00e9 na produci\u00f3n e elaboraci\u00f3n de produtos derivados da casta\u00f1a, un s\u00edmbolo da nosa terra con proxecci\u00f3n internacional.<br \/>A delegaci\u00f3n foi recibida por Roc\u00edo Cid, xerente de Cuevas y C\u00eda., e Artur Yuste, director xeral de Grupo Cuevas, que guiaron o percorrido polas instalaci\u00f3ns e compartiron a evoluci\u00f3n da compa\u00f1\u00eda dende os seus inicios ata a actualidade, cunha presenza consolidada en m\u00e1is de 30 pa\u00edses.<br \/>Desde o Grupo Cuevas agradecemos sinceramente esta visita e o interese amosado polo labor que desenvolvemos cada d\u00eda para po\u00f1er en valor o produto galego, fomentar a innovaci\u00f3n e contribu\u00edr ao desenvolvemento sostible do medio rural.<br \/>Seguimos traballando con ilusi\u00f3n para que a casta\u00f1a galega e o Marron Glac\u00e9 contin\u00faen sendo embaixadores da nosa calidade e tradici\u00f3n no mundo.<br \/><a href='http:\/\/www.grupocuevas.com\/news\/3047\/Medio_Rural.jpeg' target=\"_blank\">Ver imaxe<\/a><\/p>\n","protected":false},"excerpt":{"rendered":"<p>Esta ma\u00f1\u00e1, tivemos o pracer de recibir nas instalaci\u00f3ns de Cuevas y C\u00eda, en San Cibrao das Vi\u00f1as, \u00e1 conselleira do Medio Rural da Xunta de Galicia, Mar\u00eda Jos\u00e9 G\u00f3mez, acompa\u00f1ada polo director da Axencia Galega da Calidade Alimentaria, Martin Alemparte Vidal.Durante a visita, a conselleira reco\u00f1eceu a aposta do Grupo Cuevas pola innovaci\u00f3n e&hellip;<\/p>\n","protected":false},"author":1,"featured_media":0,"comment_status":"closed","ping_status":"open","sticky":false,"template":"","format":"standard","meta":{"_acf_changed":false,"footnotes":""},"categories":[36],"tags":[],"class_list":["post-3601","post","type-post","status-publish","format-standard","hentry","category-categoria-gl","category-36","description-off"],"acf":[],"yoast_head":"<!-- This site is optimized with the Yoast SEO plugin v27.5 - https:\/\/yoast.com\/product\/yoast-seo-wordpress\/ -->\n<title>A CONSELLEIRA DE MEDIO RURAL VISITA CUEVAS E C\u00cdA - Marron Glac\u00e9<\/title>\n<meta name=\"robots\" content=\"index, follow, max-snippet:-1, max-image-preview:large, max-video-preview:-1\" \/>\n<link rel=\"canonical\" href=\"https:\/\/www.marronglace.com\/gl\/2025\/11\/a-conselleira-de-medio-rural-visita-cuevas-e-cia\/\" \/>\n<meta property=\"og:locale\" content=\"gl_ES\" \/>\n<meta property=\"og:type\" content=\"article\" \/>\n<meta property=\"og:title\" content=\"A CONSELLEIRA DE MEDIO RURAL VISITA CUEVAS E C\u00cdA - Marron Glac\u00e9\" \/>\n<meta property=\"og:description\" content=\"Esta ma\u00f1\u00e1, tivemos o pracer de recibir nas instalaci\u00f3ns de Cuevas y C\u00eda, en San Cibrao das Vi\u00f1as, \u00e1 conselleira do Medio Rural da Xunta de Galicia, Mar\u00eda Jos\u00e9 G\u00f3mez, acompa\u00f1ada polo director da Axencia Galega da Calidade Alimentaria, Martin Alemparte Vidal.Durante a visita, a conselleira reco\u00f1eceu a aposta do Grupo Cuevas pola innovaci\u00f3n e&hellip;\" \/>\n<meta property=\"og:url\" content=\"https:\/\/www.marronglace.com\/gl\/2025\/11\/a-conselleira-de-medio-rural-visita-cuevas-e-cia\/\" \/>\n<meta property=\"og:site_name\" content=\"Marron Glac\u00e9\" \/>\n<meta property=\"article:published_time\" content=\"2025-11-13T11:00:00+00:00\" \/>\n<meta name=\"twitter:card\" content=\"summary_large_image\" \/>\n<meta name=\"twitter:label1\" content=\"Escrito por\" \/>\n\t<meta name=\"twitter:data1\" content=\"\" \/>\n\t<meta name=\"twitter:label2\" content=\"Tempo de lectura\" \/>\n\t<meta name=\"twitter:data2\" content=\"1 minuto\" \/>\n<script type=\"application\/ld+json\" class=\"yoast-schema-graph\">{\"@context\":\"https:\\\/\\\/schema.org\",\"@graph\":[{\"@type\":\"Article\",\"@id\":\"https:\\\/\\\/www.marronglace.com\\\/gl\\\/2025\\\/11\\\/a-conselleira-de-medio-rural-visita-cuevas-e-cia\\\/#article\",\"isPartOf\":{\"@id\":\"https:\\\/\\\/www.marronglace.com\\\/gl\\\/2025\\\/11\\\/a-conselleira-de-medio-rural-visita-cuevas-e-cia\\\/\"},\"author\":{\"name\":\"\",\"@id\":\"\"},\"headline\":\"A CONSELLEIRA DE MEDIO RURAL VISITA CUEVAS E C\u00cdA\",\"datePublished\":\"2025-11-13T11:00:00+00:00\",\"mainEntityOfPage\":{\"@id\":\"https:\\\/\\\/www.marronglace.com\\\/gl\\\/2025\\\/11\\\/a-conselleira-de-medio-rural-visita-cuevas-e-cia\\\/\"},\"wordCount\":233,\"publisher\":{\"@id\":\"https:\\\/\\\/www.marronglace.com\\\/gl\\\/#organization\"},\"articleSection\":[\"Categor\u00eda\"],\"inLanguage\":\"gl-ES\"},{\"@type\":\"WebPage\",\"@id\":\"https:\\\/\\\/www.marronglace.com\\\/gl\\\/2025\\\/11\\\/a-conselleira-de-medio-rural-visita-cuevas-e-cia\\\/\",\"url\":\"https:\\\/\\\/www.marronglace.com\\\/gl\\\/2025\\\/11\\\/a-conselleira-de-medio-rural-visita-cuevas-e-cia\\\/\",\"name\":\"A CONSELLEIRA DE MEDIO RURAL VISITA CUEVAS E C\u00cdA - Marron Glac\u00e9\",\"isPartOf\":{\"@id\":\"https:\\\/\\\/www.marronglace.com\\\/gl\\\/#website\"},\"datePublished\":\"2025-11-13T11:00:00+00:00\",\"breadcrumb\":{\"@id\":\"https:\\\/\\\/www.marronglace.com\\\/gl\\\/2025\\\/11\\\/a-conselleira-de-medio-rural-visita-cuevas-e-cia\\\/#breadcrumb\"},\"inLanguage\":\"gl-ES\",\"potentialAction\":[{\"@type\":\"ReadAction\",\"target\":[\"https:\\\/\\\/www.marronglace.com\\\/gl\\\/2025\\\/11\\\/a-conselleira-de-medio-rural-visita-cuevas-e-cia\\\/\"]}]},{\"@type\":\"BreadcrumbList\",\"@id\":\"https:\\\/\\\/www.marronglace.com\\\/gl\\\/2025\\\/11\\\/a-conselleira-de-medio-rural-visita-cuevas-e-cia\\\/#breadcrumb\",\"itemListElement\":[{\"@type\":\"ListItem\",\"position\":1,\"name\":\"Portada\",\"item\":\"https:\\\/\\\/www.marronglace.com\\\/gl\\\/\"},{\"@type\":\"ListItem\",\"position\":2,\"name\":\"A CONSELLEIRA DE MEDIO RURAL VISITA CUEVAS E C\u00cdA\"}]},{\"@type\":\"WebSite\",\"@id\":\"https:\\\/\\\/www.marronglace.com\\\/gl\\\/#website\",\"url\":\"https:\\\/\\\/www.marronglace.com\\\/gl\\\/\",\"name\":\"Marron Glac\u00e9\",\"description\":\"\",\"publisher\":{\"@id\":\"https:\\\/\\\/www.marronglace.com\\\/gl\\\/#organization\"},\"potentialAction\":[{\"@type\":\"SearchAction\",\"target\":{\"@type\":\"EntryPoint\",\"urlTemplate\":\"https:\\\/\\\/www.marronglace.com\\\/gl\\\/?s={search_term_string}\"},\"query-input\":{\"@type\":\"PropertyValueSpecification\",\"valueRequired\":true,\"valueName\":\"search_term_string\"}}],\"inLanguage\":\"gl-ES\"},{\"@type\":\"Organization\",\"@id\":\"https:\\\/\\\/www.marronglace.com\\\/gl\\\/#organization\",\"name\":\"Marron Glac\u00e9\",\"url\":\"https:\\\/\\\/www.marronglace.com\\\/gl\\\/\",\"logo\":{\"@type\":\"ImageObject\",\"inLanguage\":\"gl-ES\",\"@id\":\"https:\\\/\\\/www.marronglace.com\\\/gl\\\/#\\\/schema\\\/logo\\\/image\\\/\",\"url\":\"https:\\\/\\\/www.marronglace.com\\\/wp-content\\\/uploads\\\/2023\\\/11\\\/logo-cuevas-cia-normal.png\",\"contentUrl\":\"https:\\\/\\\/www.marronglace.com\\\/wp-content\\\/uploads\\\/2023\\\/11\\\/logo-cuevas-cia-normal.png\",\"width\":228,\"height\":57,\"caption\":\"Marron Glac\u00e9\"},\"image\":{\"@id\":\"https:\\\/\\\/www.marronglace.com\\\/gl\\\/#\\\/schema\\\/logo\\\/image\\\/\"}},{\"@type\":\"Person\",\"@id\":\"\",\"url\":\"https:\\\/\\\/www.marronglace.com\\\/gl\\\/author\\\/\"}]}<\/script>\n<!-- \/ Yoast SEO plugin. -->","yoast_head_json":{"title":"A CONSELLEIRA DE MEDIO RURAL VISITA CUEVAS E C\u00cdA - Marron Glac\u00e9","robots":{"index":"index","follow":"follow","max-snippet":"max-snippet:-1","max-image-preview":"max-image-preview:large","max-video-preview":"max-video-preview:-1"},"canonical":"https:\/\/www.marronglace.com\/gl\/2025\/11\/a-conselleira-de-medio-rural-visita-cuevas-e-cia\/","og_locale":"gl_ES","og_type":"article","og_title":"A CONSELLEIRA DE MEDIO RURAL VISITA CUEVAS E C\u00cdA - Marron Glac\u00e9","og_description":"Esta ma\u00f1\u00e1, tivemos o pracer de recibir nas instalaci\u00f3ns de Cuevas y C\u00eda, en San Cibrao das Vi\u00f1as, \u00e1 conselleira do Medio Rural da Xunta de Galicia, Mar\u00eda Jos\u00e9 G\u00f3mez, acompa\u00f1ada polo director da Axencia Galega da Calidade Alimentaria, Martin Alemparte Vidal.Durante a visita, a conselleira reco\u00f1eceu a aposta do Grupo Cuevas pola innovaci\u00f3n e&hellip;","og_url":"https:\/\/www.marronglace.com\/gl\/2025\/11\/a-conselleira-de-medio-rural-visita-cuevas-e-cia\/","og_site_name":"Marron Glac\u00e9","article_published_time":"2025-11-13T11:00:00+00:00","twitter_card":"summary_large_image","twitter_misc":{"Escrito por":"","Tempo de lectura":"1 minuto"},"schema":{"@context":"https:\/\/schema.org","@graph":[{"@type":"Article","@id":"https:\/\/www.marronglace.com\/gl\/2025\/11\/a-conselleira-de-medio-rural-visita-cuevas-e-cia\/#article","isPartOf":{"@id":"https:\/\/www.marronglace.com\/gl\/2025\/11\/a-conselleira-de-medio-rural-visita-cuevas-e-cia\/"},"author":{"name":"","@id":""},"headline":"A CONSELLEIRA DE MEDIO RURAL VISITA CUEVAS E C\u00cdA","datePublished":"2025-11-13T11:00:00+00:00","mainEntityOfPage":{"@id":"https:\/\/www.marronglace.com\/gl\/2025\/11\/a-conselleira-de-medio-rural-visita-cuevas-e-cia\/"},"wordCount":233,"publisher":{"@id":"https:\/\/www.marronglace.com\/gl\/#organization"},"articleSection":["Categor\u00eda"],"inLanguage":"gl-ES"},{"@type":"WebPage","@id":"https:\/\/www.marronglace.com\/gl\/2025\/11\/a-conselleira-de-medio-rural-visita-cuevas-e-cia\/","url":"https:\/\/www.marronglace.com\/gl\/2025\/11\/a-conselleira-de-medio-rural-visita-cuevas-e-cia\/","name":"A CONSELLEIRA DE MEDIO RURAL VISITA CUEVAS E C\u00cdA - Marron Glac\u00e9","isPartOf":{"@id":"https:\/\/www.marronglace.com\/gl\/#website"},"datePublished":"2025-11-13T11:00:00+00:00","breadcrumb":{"@id":"https:\/\/www.marronglace.com\/gl\/2025\/11\/a-conselleira-de-medio-rural-visita-cuevas-e-cia\/#breadcrumb"},"inLanguage":"gl-ES","potentialAction":[{"@type":"ReadAction","target":["https:\/\/www.marronglace.com\/gl\/2025\/11\/a-conselleira-de-medio-rural-visita-cuevas-e-cia\/"]}]},{"@type":"BreadcrumbList","@id":"https:\/\/www.marronglace.com\/gl\/2025\/11\/a-conselleira-de-medio-rural-visita-cuevas-e-cia\/#breadcrumb","itemListElement":[{"@type":"ListItem","position":1,"name":"Portada","item":"https:\/\/www.marronglace.com\/gl\/"},{"@type":"ListItem","position":2,"name":"A CONSELLEIRA DE MEDIO RURAL VISITA CUEVAS E C\u00cdA"}]},{"@type":"WebSite","@id":"https:\/\/www.marronglace.com\/gl\/#website","url":"https:\/\/www.marronglace.com\/gl\/","name":"Marron Glac\u00e9","description":"","publisher":{"@id":"https:\/\/www.marronglace.com\/gl\/#organization"},"potentialAction":[{"@type":"SearchAction","target":{"@type":"EntryPoint","urlTemplate":"https:\/\/www.marronglace.com\/gl\/?s={search_term_string}"},"query-input":{"@type":"PropertyValueSpecification","valueRequired":true,"valueName":"search_term_string"}}],"inLanguage":"gl-ES"},{"@type":"Organization","@id":"https:\/\/www.marronglace.com\/gl\/#organization","name":"Marron Glac\u00e9","url":"https:\/\/www.marronglace.com\/gl\/","logo":{"@type":"ImageObject","inLanguage":"gl-ES","@id":"https:\/\/www.marronglace.com\/gl\/#\/schema\/logo\/image\/","url":"https:\/\/www.marronglace.com\/wp-content\/uploads\/2023\/11\/logo-cuevas-cia-normal.png","contentUrl":"https:\/\/www.marronglace.com\/wp-content\/uploads\/2023\/11\/logo-cuevas-cia-normal.png","width":228,"height":57,"caption":"Marron Glac\u00e9"},"image":{"@id":"https:\/\/www.marronglace.com\/gl\/#\/schema\/logo\/image\/"}},{"@type":"Person","@id":"","url":"https:\/\/www.marronglace.com\/gl\/author\/"}]}},"_links":{"self":[{"href":"https:\/\/www.marronglace.com\/gl\/wp-json\/wp\/v2\/posts\/3601","targetHints":{"allow":["GET"]}}],"collection":[{"href":"https:\/\/www.marronglace.com\/gl\/wp-json\/wp\/v2\/posts"}],"about":[{"href":"https:\/\/www.marronglace.com\/gl\/wp-json\/wp\/v2\/types\/post"}],"author":[{"embeddable":true,"href":"https:\/\/www.marronglace.com\/gl\/wp-json\/wp\/v2\/users\/1"}],"replies":[{"embeddable":true,"href":"https:\/\/www.marronglace.com\/gl\/wp-json\/wp\/v2\/comments?post=3601"}],"version-history":[{"count":0,"href":"https:\/\/www.marronglace.com\/gl\/wp-json\/wp\/v2\/posts\/3601\/revisions"}],"wp:attachment":[{"href":"https:\/\/www.marronglace.com\/gl\/wp-json\/wp\/v2\/media?parent=3601"}],"wp:term":[{"taxonomy":"category","embeddable":true,"href":"https:\/\/www.marronglace.com\/gl\/wp-json\/wp\/v2\/categories?post=3601"},{"taxonomy":"post_tag","embeddable":true,"href":"https:\/\/www.marronglace.com\/gl\/wp-json\/wp\/v2\/tags?post=3601"}],"curies":[{"name":"wp","href":"https:\/\/api.w.org\/{rel}","templated":true}]}}